{"id":113193,"date":"2025-03-18T06:56:58","date_gmt":"2025-03-18T05:56:58","guid":{"rendered":"https:\/\/m-i.info\/?p=113193"},"modified":"2025-03-18T07:40:08","modified_gmt":"2025-03-18T06:40:08","slug":"heiliger-josef-schutzpatron-der-kirche","status":"publish","type":"post","link":"https:\/\/m-i.info\/de\/heiliger-josef-schutzpatron-der-kirche\/","title":{"rendered":"Heiliger Josef, Schutzpatron der Kirche"},"content":{"rendered":"<div class=\"mdp-speaker-wrapper\">\n            Artikel vorlesen:\n            \n            \n            \n            <div class=\"mdp-speaker-box mdp-speaker-box before-content speaker-wp-default\">\n                <div class=\"mdp-speaker-player\"  data-type=\"speaker-wp-default\" data-id=\"113193\" data-src=\"https:\/\/m-i.info\/wp-content\/uploads\/2025\/03\/2025-03-19-hl-Josef.mp3\" data-download=\"1\" data-speeds=\"0.5,0.75,1,1.25,1.5\" data-share=\"\" >\n                    <audio aria-label=\"Audio von Heiliger Josef, Schutzpatron der Kirche\"class=\"wp-audio-shortcode\" id=\"audio-113193-1\" preload=\"metadata\" style=\"width: 100%;\" controls=\"controls\"><source type=\"audio\/mpeg\" src=\"https:\/\/m-i.info\/wp-content\/uploads\/2025\/03\/2025-03-19-hl-Josef.mp3?_=1\" \/><a href=\"https:\/\/m-i.info\/wp-content\/uploads\/2025\/03\/2025-03-19-hl-Josef.mp3\">https:\/\/m-i.info\/wp-content\/uploads\/2025\/03\/2025-03-19-hl-Josef.mp3<\/a><\/audio>\n                <\/div>\n            <\/div>\n            \n            \n            \n            \n\t\t\t<\/div><p><a href=\"https:\/\/m-i.info\/wp-content\/uploads\/2025\/03\/Zitat-2025_KW-12-scaled.jpg\"><img fetchpriority=\"high\" decoding=\"async\" class=\"alignnone wp-image-113194\" src=\"https:\/\/m-i.info\/wp-content\/uploads\/2025\/03\/Zitat-2025_KW-12-scaled.jpg\" alt=\"\" width=\"800\" height=\"420\" title=\"\" srcset=\"https:\/\/m-i.info\/wp-content\/uploads\/2025\/03\/Zitat-2025_KW-12-scaled.jpg 2560w, https:\/\/m-i.info\/wp-content\/uploads\/2025\/03\/Zitat-2025_KW-12-300x158.jpg 300w, https:\/\/m-i.info\/wp-content\/uploads\/2025\/03\/Zitat-2025_KW-12-1024x538.jpg 1024w, https:\/\/m-i.info\/wp-content\/uploads\/2025\/03\/Zitat-2025_KW-12-768x403.jpg 768w, https:\/\/m-i.info\/wp-content\/uploads\/2025\/03\/Zitat-2025_KW-12-1536x807.jpg 1536w, https:\/\/m-i.info\/wp-content\/uploads\/2025\/03\/Zitat-2025_KW-12-2048x1076.jpg 2048w, https:\/\/m-i.info\/wp-content\/uploads\/2025\/03\/Zitat-2025_KW-12-425x223.jpg 425w, https:\/\/m-i.info\/wp-content\/uploads\/2025\/03\/Zitat-2025_KW-12-600x315.jpg 600w\" sizes=\"(max-width: 800px) 100vw, 800px\" \/><\/a><\/p>\n<p>Am 19. M\u00e4rz feiert die katholische Kirche das Fest ihres Schutzpatrons, des heiligen Josef, Br\u00e4utigams der allerseligsten Jungfrau Maria. Dieser au\u00dfergew\u00f6hnliche Heilige wird nicht nur als einer der gr\u00f6\u00dften m\u00e4nnlichen Heiligen verehrt, sondern tr\u00e4gt auch den Titel des Schutzpatrons der Kirche. Warum der heilige Josef zudem als Schutzpatron des h\u00e4uslichen Lebens bezeichnet wird und weshalb diese Rolle gerade in unserer heutigen Zeit an Bedeutung gewinnt, erl\u00e4utert der folgende Artikel.<\/p>\n<h2>Einf\u00fchrung des Festes (Pius IX.)<\/h2>\n<p><a href=\"https:\/\/m-i.info\/wp-content\/uploads\/2025\/03\/Guido_Reni_-_Saint_Joseph_and_the_Christ_Child_-_Google_Art_Project.jpg\"><img decoding=\"async\" class=\"wp-image-113211 alignright\" src=\"https:\/\/m-i.info\/wp-content\/uploads\/2025\/03\/Guido_Reni_-_Saint_Joseph_and_the_Christ_Child_-_Google_Art_Project.jpg\" alt=\"\" width=\"250\" height=\"301\" title=\"\" srcset=\"https:\/\/m-i.info\/wp-content\/uploads\/2025\/03\/Guido_Reni_-_Saint_Joseph_and_the_Christ_Child_-_Google_Art_Project.jpg 500w, https:\/\/m-i.info\/wp-content\/uploads\/2025\/03\/Guido_Reni_-_Saint_Joseph_and_the_Christ_Child_-_Google_Art_Project-249x300.jpg 249w, https:\/\/m-i.info\/wp-content\/uploads\/2025\/03\/Guido_Reni_-_Saint_Joseph_and_the_Christ_Child_-_Google_Art_Project-425x512.jpg 425w\" sizes=\"(max-width: 250px) 100vw, 250px\" \/><\/a>\u201eSo wie der allm\u00e4chtige Gott Joseph, den Sohn des Patriarchen Jakob, \u00fcber das ganze Land \u00c4gypten eingesetzt hat, um Korn f\u00fcr das Volk zu sammeln, so hat Er, als die F\u00fclle der Zeit gekommen war und Er im Begriff stand, Seinen eingeborenen Sohn, den Erl\u00f6ser der Welt, auf die Erde zu senden, einen anderen Joseph erw\u00e4hlt, von dem der erste ein Vorbild war. Ihn machte Er zum Herrn und Oberhaupt Seines Hauses und Seines Besitzes, zum H\u00fcter Seiner kostbarsten Sch\u00e4tze. Er hatte ja als Gattin die unbefleckte Jungfrau Maria, von der durch den Heiligen Geist Jesus Christus, unser Herr, geboren wurde, der es w\u00fcrdigte, vor den Menschen als Sohn Josephs zu gelten und ihm untertan zu sein.<\/p>\n<p>Ihn, den unz\u00e4hlige K\u00f6nige und Propheten zu sehen begehrten, sah Joseph nicht nur, sondern sprach mit ihm, umarmte ihn mit v\u00e4terlicher Liebe und k\u00fcsste ihn. Mit gr\u00f6\u00dfter Sorgfalt erzog er Ihn, den die Gl\u00e4ubigen als das Brot empfangen sollten, das vom Himmel herabgekommen ist, damit sie das ewige Leben erlangen m\u00f6gen.<\/p>\n<p>Aufgrund dieser erhabenen W\u00fcrde, die Gott Seinem treuesten Diener verliehen hat, hat die Kirche den seligen Joseph stets in h\u00f6chstem Ma\u00dfe geehrt und gepriesen, unmittelbar nach seiner Gattin, der jungfr\u00e4ulichen Mutter Gottes, und hat in Zeiten der Bedr\u00e4ngnis um seine F\u00fcrsprache gebeten. Und nun, da in diesen \u00fcberaus schwierigen Zeiten die Kirche von allen Seiten von Feinden bedr\u00e4ngt und von so schweren Katastrophen heimgesucht wird, dass gottlose Menschen behaupten, die Pforten der H\u00f6lle h\u00e4tten endlich \u00fcber sie gesiegt, haben die ehrw\u00fcrdigen Pr\u00e4laten der ganzen katholischen Welt dem h\u00f6chsten Pontifex sowohl ihre eigenen Bitten als auch die der ihnen anvertrauten Gl\u00e4ubigen vorgebracht, und ihn angefleht, er m\u00f6ge es f\u00fcr gut befinden, den heiligen Joseph zum Patron der gesamten Kirche zu ernennen.<\/p>\n<p>Und genau in dieser Zeit erneuerten sie ihre Bitte und ihren Wunsch noch eindringlicher auf dem Heiligen \u00d6kumenischen Konzil des Vatikans. Daher hat es unserem h\u00f6chstheiligen Souver\u00e4n, Papst Pius IX., gefallen, um sich selbst und alle Gl\u00e4ubigen dem m\u00e4chtigsten Schutz des Patriarchen St. Joseph anzuvertrauen, dem Wunsch der Pr\u00e4laten nachzukommen.<\/p>\n<p>Aus diesem Grund erkl\u00e4rt er feierlich den heiligen Joseph zum Patron der katholischen Kirche an diesem Tag, der der unbefleckten Jungfrau, der Mutter Gottes, der Gattin des keuschesten Joseph, gewidmet ist.\u201c<\/p>\n<h2>Gr\u00fcnde f\u00fcr das Patronat (Leo XIII.)<\/h2>\n<p><a href=\"https:\/\/m-i.info\/wp-content\/uploads\/2025\/03\/471px-Murillo_-_Saint_Joseph_and_the_Christ_Child_ca._1670-75.jpg\"><img decoding=\"async\" class=\"wp-image-113220 alignleft\" src=\"https:\/\/m-i.info\/wp-content\/uploads\/2025\/03\/471px-Murillo_-_Saint_Joseph_and_the_Christ_Child_ca._1670-75.jpg\" alt=\"\" width=\"250\" height=\"318\" title=\"\" srcset=\"https:\/\/m-i.info\/wp-content\/uploads\/2025\/03\/471px-Murillo_-_Saint_Joseph_and_the_Christ_Child_ca._1670-75.jpg 471w, https:\/\/m-i.info\/wp-content\/uploads\/2025\/03\/471px-Murillo_-_Saint_Joseph_and_the_Christ_Child_ca._1670-75-236x300.jpg 236w, https:\/\/m-i.info\/wp-content\/uploads\/2025\/03\/471px-Murillo_-_Saint_Joseph_and_the_Christ_Child_ca._1670-75-425x540.jpg 425w\" sizes=\"(max-width: 250px) 100vw, 250px\" \/><\/a>\u201eDie besonderen Gr\u00fcnde, aus denen der heilige Joseph zum Patron der Kirche erkl\u00e4rt wurde und aus denen die Kirche einen einzigartigen Nutzen aus seiner Schutzherrschaft und F\u00fcrsprache erwartet, sind, dass Joseph der Gemahl Mariens war und als der Vater Jesu Christi galt.<\/p>\n<p>Da Joseph aber durch das Band der Ehe mit der seligen Jungfrau vereint war, kann nicht bezweifelt werden, dass er der erhabenen W\u00fcrde, durch die die Mutter Gottes so vorz\u00fcglich alle geschaffenen Wesen \u00fcbertrifft, n\u00e4her stand als jeder andere.<\/p>\n<p>Und Joseph erstrahlt unter allen Menschen durch die erhabenste W\u00fcrde, denn durch den g\u00f6ttlichen Willen war er der H\u00fcter des Sohnes Gottes und wurde unter den Menschen als sein Vater angesehen. Joseph wurde zum Besch\u00fctzer, Verwalter und rechtlichen Verteidiger des g\u00f6ttlichen Hauses, dessen Oberhaupt er war.<\/p>\n<p>Nun aber umfasste das g\u00f6ttliche Haus, das Joseph mit der Autorit\u00e4t eines Vaters regierte, in seinem Innersten die noch junge Kirche.<\/p>\n<p>Aus diesen Gr\u00fcnden betrachtet der gesegnete Patriarch die Vielzahl der Christen, die die Kirche bilden, als ihm besonders anvertraut \u2013 diese grenzenlose Familie, die sich \u00fcber die ganze Erde ausbreitet, \u00fcber die er, weil er der Gemahl Mariens und der Vater Jesu Christi ist, gewisserma\u00dfen eine v\u00e4terliche Autorit\u00e4t aus\u00fcbt.\u201c<\/p>\n<h2>Schutzpatron der Familien<\/h2>\n<p>&#8220;Die letzte Schlacht zwischen dem Herrn und der Herrschaft Satans wird \u00fcber die Ehe und die Familie sein.&#8221; Schrieb Schwester Lucia einmal in einen Brief an Kardinal Carlo Caffarra. Jeder erkennt die Wahrheit dieser Zeilen, wenn er in die Welt hinausguckt. Das traditionelle Familienbild ist abgeschafft, Kinder werden im Mutterleib ermordet, niemals gab es so viele Ehe- \u201eScheidungen\u201c. Es f\u00fchlt sich an wie Satans Angriff auf die Familie. Was also ist die L\u00f6sung dieser vielen Probleme? Die Botschaften von Fatima! Der Himmel wei\u00df, warum der heilige Josef mit der Gottesmutter in Fatima erschienen ist. Er wurde uns als Schutzpatron und F\u00fcrbitter vor Augen gef\u00fchrt.<\/p>\n<p>Und so wie der heilige Josef unabl\u00e4ssig die heilige Kirche besch\u00fctzt und die D\u00e4monen vertreibt, so m\u00fcssen wir ihn unabl\u00e4ssig um Schutz f\u00fcr unsere Familie, f\u00fcr viele Ehen und heilige Eheleute bitten! Wie er die junge Kirche in der Mitte der heiligen Familie bewahrt hat, so wird er auch jede Familie tr\u00f6sten und sch\u00fctzen, die zu ihm seine Zuflucht nimmt. Unser Schlachtruf muss daher sein:<\/p>\n<p>Hl. Josef, Schutzpatron der Kirche \u2013 bitte f\u00fcr uns!<\/p>\n<p>&nbsp;<\/p>\n<p><strong>Text-Quellen:<\/strong><\/p>\n<p>Auszug aus: <a href=\"https:\/\/fsspx.news\/en\/news\/feast-st-joseph-patron-universal-church-27571\" target=\"_blank\" rel=\"noopener\">Feast of St. Joseph, Patron of the Universal Church | FSSPX News<\/a> (\u00dcbersetzt mit Deepl)<\/p>\n<p>Auszug aus: <a href=\"https:\/\/www.kath.net\/news\/50986\" target=\"_blank\" rel=\"noopener\">https:\/\/www.kath.net\/news\/50986<\/a><\/p>\n<p>&nbsp;<\/p>\n<p><strong>Bilderquellen:<\/strong><\/p>\n<ul>\n<li>Zitat der Woche: Interior of Sacro Cuore di Ges\u00f9 (Rome), Cruz.croce, CC0, da Wikimedia Commons<\/li>\n<li>Hl. Josef und Jesuskind, Guido Reni, Public domain, via Wikimedia Commons<\/li>\n<li>Murillo &#8211; Saint Joseph and the Christ Child, ca. 1670-75, Public domain, via Wikimedia Commons<\/li>\n<\/ul>\n","protected":false},"excerpt":{"rendered":"<p>Artikel vorlesen: https:\/\/m-i.info\/wp-content\/uploads\/2025\/03\/2025-03-19-hl-Josef.mp3 Am 19. M\u00e4rz feiert die katholische Kirche das Fest ihres Schutzpatrons, des heiligen Josef, Br\u00e4utigams der allerseligsten Jungfrau Maria. Dieser au\u00dfergew\u00f6hnliche Heilige wird nicht nur als einer der gr\u00f6\u00dften m\u00e4nnlichen Heiligen verehrt, sondern tr\u00e4gt auch den Titel des Schutzpatrons der Kirche. Warum der heilige Josef zudem als<a class=\"more-link\" href=\"https:\/\/m-i.info\/de\/heiliger-josef-schutzpatron-der-kirche\/\">Weiterlesen &rarr;<\/a><\/p>\n","protected":false},"author":9,"featured_media":113203,"comment_status":"closed","ping_status":"closed","sticky":false,"template":"","format":"standard","meta":{"footnotes":""},"categories":[1],"tags":[],"class_list":["entry","author-paul","post-113193","post","type-post","status-publish","format-standard","has-post-thumbnail","category-unkategorisiert"],"_links":{"self":[{"href":"https:\/\/m-i.info\/de\/wp-json\/wp\/v2\/posts\/113193","targetHints":{"allow":["GET"]}}],"collection":[{"href":"https:\/\/m-i.info\/de\/wp-json\/wp\/v2\/posts"}],"about":[{"href":"https:\/\/m-i.info\/de\/wp-json\/wp\/v2\/types\/post"}],"author":[{"embeddable":true,"href":"https:\/\/m-i.info\/de\/wp-json\/wp\/v2\/users\/9"}],"replies":[{"embeddable":true,"href":"https:\/\/m-i.info\/de\/wp-json\/wp\/v2\/comments?post=113193"}],"version-history":[{"count":3,"href":"https:\/\/m-i.info\/de\/wp-json\/wp\/v2\/posts\/113193\/revisions"}],"predecessor-version":[{"id":113228,"href":"https:\/\/m-i.info\/de\/wp-json\/wp\/v2\/posts\/113193\/revisions\/113228"}],"wp:featuredmedia":[{"embeddable":true,"href":"https:\/\/m-i.info\/de\/wp-json\/wp\/v2\/media\/113203"}],"wp:attachment":[{"href":"https:\/\/m-i.info\/de\/wp-json\/wp\/v2\/media?parent=113193"}],"wp:term":[{"taxonomy":"category","embeddable":true,"href":"https:\/\/m-i.info\/de\/wp-json\/wp\/v2\/categories?post=113193"},{"taxonomy":"post_tag","embeddable":true,"href":"https:\/\/m-i.info\/de\/wp-json\/wp\/v2\/tags?post=113193"}],"curies":[{"name":"wp","href":"https:\/\/api.w.org\/{rel}","templated":true}]}}