{"id":126013,"date":"2026-04-03T20:06:51","date_gmt":"2026-04-03T18:06:51","guid":{"rendered":"https:\/\/m-i.info\/?p=126013"},"modified":"2026-04-04T13:27:32","modified_gmt":"2026-04-04T11:27:32","slug":"das-hochheilige-osterfest","status":"publish","type":"post","link":"https:\/\/m-i.info\/de\/das-hochheilige-osterfest\/","title":{"rendered":"Das hochheilige Osterfest"},"content":{"rendered":"<div class=\"mdp-speaker-wrapper\">\n            Artikel vorlesen:\n            \n            \n            \n            <div class=\"mdp-speaker-box mdp-speaker-box before-content speaker-wp-default\">\n                <div class=\"mdp-speaker-player\"  data-type=\"speaker-wp-default\" data-id=\"126013\" data-src=\"https:\/\/m-i.info\/wp-content\/uploads\/2026\/04\/ElevenLabs_03-04-2026_Das_hochheilige_Osterfest-1.mp3\" data-download=\"1\" data-speeds=\"0.5,0.75,1,1.25,1.5\" data-share=\"\" >\n                    <audio aria-label=\"Audio von Das hochheilige Osterfest\"class=\"wp-audio-shortcode\" id=\"audio-126013-1\" preload=\"metadata\" style=\"width: 100%;\" controls=\"controls\"><source type=\"audio\/mpeg\" src=\"https:\/\/m-i.info\/wp-content\/uploads\/2026\/04\/ElevenLabs_03-04-2026_Das_hochheilige_Osterfest-1.mp3?_=1\" \/><a href=\"https:\/\/m-i.info\/wp-content\/uploads\/2026\/04\/ElevenLabs_03-04-2026_Das_hochheilige_Osterfest-1.mp3\">https:\/\/m-i.info\/wp-content\/uploads\/2026\/04\/ElevenLabs_03-04-2026_Das_hochheilige_Osterfest-1.mp3<\/a><\/audio>\n                <\/div>\n            <\/div>\n            \n            \n            \n            \n\t\t\t<\/div><p><a href=\"https:\/\/m-i.info\/wp-content\/uploads\/2026\/04\/2026-03-27-Ostern.jpg\"><img fetchpriority=\"high\" decoding=\"async\" class=\"wp-image-126022 alignleft\" src=\"https:\/\/m-i.info\/wp-content\/uploads\/2026\/04\/2026-03-27-Ostern-300x231.jpg\" alt=\"\" width=\"300\" height=\"231\" title=\"\" srcset=\"https:\/\/m-i.info\/wp-content\/uploads\/2026\/04\/2026-03-27-Ostern-300x231.jpg 300w, https:\/\/m-i.info\/wp-content\/uploads\/2026\/04\/2026-03-27-Ostern-768x591.jpg 768w, https:\/\/m-i.info\/wp-content\/uploads\/2026\/04\/2026-03-27-Ostern-425x327.jpg 425w, https:\/\/m-i.info\/wp-content\/uploads\/2026\/04\/2026-03-27-Ostern-600x462.jpg 600w, https:\/\/m-i.info\/wp-content\/uploads\/2026\/04\/2026-03-27-Ostern.jpg 780w\" sizes=\"(max-width: 300px) 100vw, 300px\" \/><\/a>Wir w\u00fcnschen Ihnen ein gesegnetes und frohes Osterfest!<\/p>\n<p>\u201eDas Lamm hat die Schafe erl\u00f6st. Christus, ohne Schuld, hat die S\u00fcnder mit dem Vater vers\u00f6hnt.\u201c (Sequenz der Osterliturgie)<\/p>\n<p>Freut euch, der Herr ist auferstanden! Die ernste Zeit der Bu\u00dfe und L\u00e4uterung ist nun vorbei und darf der \u00fcbergro\u00dfen Osterfreude weichen. In der kirchlichen Liturgie kehrt nun immer wieder der freudige Jubelruf \u201eAlleluja\u201c wieder.<\/p>\n<p>Das Fest der Auferstehung Jesu ist das gr\u00f6\u00dfte Fest im Kirchenjahr und so richten sicdh die beweglichen Feste im Jahr nach Ostern.<\/p>\n<p>Unser Glaube steht und f\u00e4llt mit der Auferstehung Christi. Ist Christus auferstanden, dann ist auch alles wahr, was er sagt und uns durch die Kirche lehrt, insbesondere unsere eigene Auferstehung und das ewige Leben.<a href=\"#_ftn1\" name=\"_ftnref1\">[1]<\/a> \u201eIst aber Christus nicht auferstanden, dann ist eitel unser Glaube\u201c, schreibt der hl. Paulus (1 Kor 15,17). Das ganze christliche Leben, das sich an der Ewigkeit orientiert, w\u00e4re dann eine Torheit.<\/p>\n<h2>Alleluja, Jesus lebt!<a href=\"https:\/\/m-i.info\/wp-content\/uploads\/2026\/04\/Matthias_Gruenewald_Isenheimer_Altar_Auferstehung.jpg\"><img decoding=\"async\" class=\"alignright wp-image-126030\" src=\"https:\/\/m-i.info\/wp-content\/uploads\/2026\/04\/Matthias_Gruenewald_Isenheimer_Altar_Auferstehung-180x300.jpg\" alt=\"\" width=\"260\" height=\"433\" title=\"\" srcset=\"https:\/\/m-i.info\/wp-content\/uploads\/2026\/04\/Matthias_Gruenewald_Isenheimer_Altar_Auferstehung-180x300.jpg 180w, https:\/\/m-i.info\/wp-content\/uploads\/2026\/04\/Matthias_Gruenewald_Isenheimer_Altar_Auferstehung-616x1024.jpg 616w, https:\/\/m-i.info\/wp-content\/uploads\/2026\/04\/Matthias_Gruenewald_Isenheimer_Altar_Auferstehung-768x1278.jpg 768w, https:\/\/m-i.info\/wp-content\/uploads\/2026\/04\/Matthias_Gruenewald_Isenheimer_Altar_Auferstehung-923x1536.jpg 923w, https:\/\/m-i.info\/wp-content\/uploads\/2026\/04\/Matthias_Gruenewald_Isenheimer_Altar_Auferstehung-331x550.jpg 331w, https:\/\/m-i.info\/wp-content\/uploads\/2026\/04\/Matthias_Gruenewald_Isenheimer_Altar_Auferstehung-600x998.jpg 600w, https:\/\/m-i.info\/wp-content\/uploads\/2026\/04\/Matthias_Gruenewald_Isenheimer_Altar_Auferstehung.jpg 960w\" sizes=\"(max-width: 260px) 100vw, 260px\" \/><\/a><\/h2>\n<p>Doch nein, es ist wahr! Jesus, unser Heiland, ist Sieger und lebt! Der hl. Paulus schreibt: \u201eEr ist auferstanden um unserer Rechtfertigung willen\u201c (R\u00f6m. 4,25), damit wir das Leben haben, welches in Jesu Auferstehung zuallererst, dem \u201eErstling\u201c, aufstrahlt (1 Kor. 15,23).<a href=\"#_ftn2\" name=\"_ftnref2\">[2]<\/a><\/p>\n<p>Das Osterfest soll uns mit gro\u00dfer Hoffnung und Dankbarkeit erf\u00fcllen, denn in der Kraft des Auferstandenen tragen auch wir das ewige Leben mit dem Sieg \u00fcber S\u00fcnde und Welt in uns. Gott wird auch uns am j\u00fcngsten Tag zum Leben auferwecken, wenn wir ihn lieben und seine Gebote halten.<\/p>\n<h2>Den Blick auf das Ewige richten<\/h2>\n<p>In genau diesem Punkt stellt uns Ostern aber auch vor eine Aufgabe. Wir sind mit Christus in der heiligen Taufe auferstanden. Daher ermahnt uns der hl. Paulus, dass wir nicht an den verg\u00e4nglichen Dingen der Erde h\u00e4ngen sollen, sondern an den ewigen, himmlischen<a href=\"#_ftn3\" name=\"_ftnref3\">[3]<\/a>:<\/p>\n<p><em>\u201eWenn ihr mit Christus auferstanden seid, so sucht, was droben ist, wo Christus zur Rechten Gottes sitzt. Was droben ist, sei euer Sinnen, nicht das, was auf Erden. Denn ihr seid [der Welt und S\u00fcnde, dem Zeitlichen] gestorben, und euer Leben ist mit Christus in Gott verborgen<\/em>.\u201c <em>(Kol. 3,1 ff.; Epistel des Karsamstags)<\/em><\/p>\n<p>Das Osterfest bedeutet einen Aufbruch in ein neues Leben. Im Alten Testament mussten die Juden vor dem Pessach den alten Sauerteig aus dem Haus schaffen. \u00a0Diese Handlung sollte die Juden an die hastige Flucht aus \u00c4gypten erinnern, bei der sie keine Zeit zum S\u00e4uern der Brote hatten. Der heilige Paulus \u00fcbertr\u00e4gt diese Tatsache auf das geistliche Leben und folgert: Der Christ muss sein altes, s\u00fcndhaftes Leben aufgeben und ein neuer Mensch werden:<\/p>\n<p><em>\u201eLasst uns Festmahl halten, nicht mit dem alten Sauerteig, dem Sauerteig der Bosheit und Schlechtigkeit, sondern mit dem unges\u00e4uerten Brote der Lauterkeit und Wahrheit.\u201c (1 Kor. 5,7; Epistel des Ostersonntags)<\/em><\/p>\n<h2>Jesus, das wahre Opferlamm<\/h2>\n<p><a href=\"https:\/\/m-i.info\/wp-content\/uploads\/2026\/04\/agnus-dei.jpg\"><img decoding=\"async\" class=\"size-medium wp-image-126038 alignleft\" src=\"https:\/\/m-i.info\/wp-content\/uploads\/2026\/04\/agnus-dei-300x270.jpg\" alt=\"\" width=\"300\" height=\"270\" title=\"\" srcset=\"https:\/\/m-i.info\/wp-content\/uploads\/2026\/04\/agnus-dei-300x270.jpg 300w, https:\/\/m-i.info\/wp-content\/uploads\/2026\/04\/agnus-dei-768x692.jpg 768w, https:\/\/m-i.info\/wp-content\/uploads\/2026\/04\/agnus-dei-425x383.jpg 425w, https:\/\/m-i.info\/wp-content\/uploads\/2026\/04\/agnus-dei-600x541.jpg 600w, https:\/\/m-i.info\/wp-content\/uploads\/2026\/04\/agnus-dei.jpg 960w\" sizes=\"(max-width: 300px) 100vw, 300px\" \/><\/a>In der Osterliturgie erscheint der Auferstandene w\u00e4hrend der Opferfeier in unserer Mitte. Auf dem Altar ist Er selbst das Osterlamm. Der Priester nimmt es in seine H\u00e4nde und \u00fcbergibt es Gottvater als eine \u201ereine, heilige, makellose Gabe\u201c. Wir selbst sollen uns mit diesem Opfer verbinden und Jesu Sieg \u00fcber die S\u00fcnde teilen.<a href=\"#_ftn4\" name=\"_ftnref4\">[4]<\/a><\/p>\n<p>Die gro\u00dfe Osterfreude findet schlie\u00dflich auch Ausdruck in der Heiligen Kommunion. Der Auferstandene tritt ein in unsere Seelen und durchdringt sie mit der ganzen F\u00fclle seines Wesens, das die Welt und den Tod \u00fcberwunden hat.<a href=\"#_ftn5\" name=\"_ftnref5\">[5]<\/a><\/p>\n<h2>Freuen wir uns mit Maria<\/h2>\n<p>Aus der Heiligen Schrift wissen wir, dass die drei heiligen Frauen, Maria Magdalena, Maria, die Mutter des Jakobus und Salome, fr\u00fchmorgens zum Grabe Jesu gingen, um den Leichnam Jesu zu salben. Dort sahen sie einen Engel, der ihnen von der Auferstehung des Herrn berichtete. Sie waren die ersten Zeuginnen der Auferstehung, von denen die Bibel berichtet.<\/p>\n<p><a href=\"https:\/\/m-i.info\/wp-content\/uploads\/2026\/04\/Fra_Angelico_-_Resurrection_of_Christ_and_Women_at_the_Tomb_Cell_8_-_WGA00542.jpg\"><img loading=\"lazy\" decoding=\"async\" class=\"alignright wp-image-126046 size-medium\" src=\"https:\/\/m-i.info\/wp-content\/uploads\/2026\/04\/Fra_Angelico_-_Resurrection_of_Christ_and_Women_at_the_Tomb_Cell_8_-_WGA00542-252x300.jpg\" alt=\"\" width=\"252\" height=\"300\" title=\"\" srcset=\"https:\/\/m-i.info\/wp-content\/uploads\/2026\/04\/Fra_Angelico_-_Resurrection_of_Christ_and_Women_at_the_Tomb_Cell_8_-_WGA00542-252x300.jpg 252w, https:\/\/m-i.info\/wp-content\/uploads\/2026\/04\/Fra_Angelico_-_Resurrection_of_Christ_and_Women_at_the_Tomb_Cell_8_-_WGA00542-861x1024.jpg 861w, https:\/\/m-i.info\/wp-content\/uploads\/2026\/04\/Fra_Angelico_-_Resurrection_of_Christ_and_Women_at_the_Tomb_Cell_8_-_WGA00542-768x913.jpg 768w, https:\/\/m-i.info\/wp-content\/uploads\/2026\/04\/Fra_Angelico_-_Resurrection_of_Christ_and_Women_at_the_Tomb_Cell_8_-_WGA00542-425x505.jpg 425w, https:\/\/m-i.info\/wp-content\/uploads\/2026\/04\/Fra_Angelico_-_Resurrection_of_Christ_and_Women_at_the_Tomb_Cell_8_-_WGA00542-600x714.jpg 600w, https:\/\/m-i.info\/wp-content\/uploads\/2026\/04\/Fra_Angelico_-_Resurrection_of_Christ_and_Women_at_the_Tomb_Cell_8_-_WGA00542.jpg 1009w\" sizes=\"(max-width: 252px) 100vw, 252px\" \/><\/a>Von der Erscheinung des Auferstandenen bei der Muttergottes berichtet die Heilige Schrift nichts.<a href=\"#_ftn6\" name=\"_ftnref6\">[6]<\/a> Dennoch d\u00fcrfen wir zuversichtlich sein, dass Jesus seiner geliebten Mutter erschien. Sie, die bei der Passion Jesu so viel gelitten hat, so sehr, dass kein Mensch die Gr\u00f6\u00dfe ihrer Leiden je begreifen wird, wurde nun von einer \u00fcbergro\u00dfen Freude erf\u00fcllt.<\/p>\n<p>Betrachten wir in der Osterzeit ein wenig die Freude der Muttergottes. M\u00f6ge sie uns helfen, unseren Blick auf die ewigen Dinge zu richten. Bitten wir sie um die wahre Freude im Herrn und um eine gro\u00dfe Hoffnung auf den Himmel!<\/p>\n<p>&nbsp;<\/p>\n<h4>Quellen<\/h4>\n<p>Salvator Maschek: Katholisches Hausbuch. Zur Erbauung und Belehrung f\u00fcr die Familien und f\u00fcr die lieben Kranken, Einsiedeln\/K\u00f6ln 1937.<\/p>\n<p>https:\/\/fsspx.de\/de\/news\/ostern-christus-ist-wahrhaft-auferstanden-18925<\/p>\n<p>m-i.info\/de\/ostern-und-die-freude-mariens\/<\/p>\n<p><a href=\"#_ftnref1\" name=\"_ftn1\">1]<\/a> Salvator Maschek: Katholisches Hausbuch. Zur Erbauung und Belehrung f\u00fcr die Familien und f\u00fcr die lieben Kranken, Einsiedeln\/K\u00f6ln 1937, S. 144.<\/p>\n<p><a href=\"#_ftnref2\" name=\"_ftn2\">[2]<\/a> <a href=\"https:\/\/fsspx.de\/de\/news\/ostern-christus-ist-wahrhaft-auferstanden-18925\" target=\"_blank\" rel=\"noopener\">https:\/\/fsspx.de\/de\/news\/ostern-christus-ist-wahrhaft-auferstanden-18925<\/a>, letzter Aufruf am 25.03.2026.<\/p>\n<p><a href=\"#_ftnref3\" name=\"_ftn3\">[3]<\/a> <a href=\"https:\/\/fsspx.de\/de\/news\/ostern-christus-ist-wahrhaft-auferstanden-18925\" target=\"_blank\" rel=\"noopener\">https:\/\/fsspx.de\/de\/news\/ostern-christus-ist-wahrhaft-auferstanden-18925<\/a>, letzter Aufruf am 26.03.2026.<\/p>\n<p><a href=\"#_ftnref4\" name=\"_ftn4\">[4]<\/a> <a href=\"https:\/\/fsspx.de\/de\/news\/ostern-christus-ist-wahrhaft-auferstanden-18925\" target=\"_blank\" rel=\"noopener\">https:\/\/fsspx.de\/de\/news\/ostern-christus-ist-wahrhaft-auferstanden-18925<\/a>, letzter Aufruf am 26.03.2026.<\/p>\n<p><a href=\"#_ftnref5\" name=\"_ftn5\">[5]<\/a> <a href=\"https:\/\/fsspx.de\/de\/news\/ostern-christus-ist-wahrhaft-auferstanden-18925\" target=\"_blank\" rel=\"noopener\">https:\/\/fsspx.de\/de\/news\/ostern-christus-ist-wahrhaft-auferstanden-18925<\/a>, letzter Aufruf am 26.03.2026.<\/p>\n<p><a href=\"#_ftnref6\" name=\"_ftn6\">[6]<\/a> <a href=\"https:\/\/m-i.info\/de\/ostern-und-die-freude-mariens\/\">https:\/\/m-i.info\/de\/ostern-und-die-freude-mariens\/<\/a>, letzter Aufruf am 26.03.2026.<\/p>\n<p>&nbsp;<\/p>\n<p>Bilder:<\/p>\n<ul>\n<li>Titelbild, lizenziert f\u00fcr MI, Copyright by Envato<\/li>\n<li>Matthias Gr\u00fcnewald, Auferstehung Christi auf dem 2. Wandbild des Isenheimer Altars, Colmar, Museum Unterlinden, gemeinfrei.<\/li>\n<li>Brunn am Gebirge ( Nieder\u00f6sterreich ). Kath. Pfarrkirche hl. Kunigunde &#8211; Prozessionsfahne mit Lamm Gottes, Wolfgang Sauber, CC-BY-SA 4.0<\/li>\n<li>Fra Angelico, Public domain, via Wikimedia Commons<\/li>\n<\/ul>\n","protected":false},"excerpt":{"rendered":"<p>Artikel vorlesen: https:\/\/m-i.info\/wp-content\/uploads\/2026\/04\/ElevenLabs_03-04-2026_Das_hochheilige_Osterfest-1.mp3 Wir w\u00fcnschen Ihnen ein gesegnetes und frohes Osterfest! \u201eDas Lamm hat die Schafe erl\u00f6st. Christus, ohne Schuld, hat die S\u00fcnder mit dem Vater vers\u00f6hnt.\u201c (Sequenz der Osterliturgie) Freut euch, der Herr ist auferstanden! Die ernste Zeit der Bu\u00dfe und L\u00e4uterung ist nun vorbei und darf der \u00fcbergro\u00dfen<a class=\"more-link\" href=\"https:\/\/m-i.info\/de\/das-hochheilige-osterfest\/\">Weiterlesen &rarr;<\/a><\/p>\n","protected":false},"author":9,"featured_media":126054,"comment_status":"closed","ping_status":"closed","sticky":false,"template":"","format":"standard","meta":{"footnotes":""},"categories":[1],"tags":[],"class_list":["entry","author-paul","post-126013","post","type-post","status-publish","format-standard","has-post-thumbnail","category-unkategorisiert"],"_links":{"self":[{"href":"https:\/\/m-i.info\/de\/wp-json\/wp\/v2\/posts\/126013","targetHints":{"allow":["GET"]}}],"collection":[{"href":"https:\/\/m-i.info\/de\/wp-json\/wp\/v2\/posts"}],"about":[{"href":"https:\/\/m-i.info\/de\/wp-json\/wp\/v2\/types\/post"}],"author":[{"embeddable":true,"href":"https:\/\/m-i.info\/de\/wp-json\/wp\/v2\/users\/9"}],"replies":[{"embeddable":true,"href":"https:\/\/m-i.info\/de\/wp-json\/wp\/v2\/comments?post=126013"}],"version-history":[{"count":4,"href":"https:\/\/m-i.info\/de\/wp-json\/wp\/v2\/posts\/126013\/revisions"}],"predecessor-version":[{"id":126074,"href":"https:\/\/m-i.info\/de\/wp-json\/wp\/v2\/posts\/126013\/revisions\/126074"}],"wp:featuredmedia":[{"embeddable":true,"href":"https:\/\/m-i.info\/de\/wp-json\/wp\/v2\/media\/126054"}],"wp:attachment":[{"href":"https:\/\/m-i.info\/de\/wp-json\/wp\/v2\/media?parent=126013"}],"wp:term":[{"taxonomy":"category","embeddable":true,"href":"https:\/\/m-i.info\/de\/wp-json\/wp\/v2\/categories?post=126013"},{"taxonomy":"post_tag","embeddable":true,"href":"https:\/\/m-i.info\/de\/wp-json\/wp\/v2\/tags?post=126013"}],"curies":[{"name":"wp","href":"https:\/\/api.w.org\/{rel}","templated":true}]}}