{"id":126320,"date":"2026-04-28T21:08:24","date_gmt":"2026-04-28T19:08:24","guid":{"rendered":"https:\/\/m-i.info\/?p=126320"},"modified":"2026-04-28T21:20:59","modified_gmt":"2026-04-28T19:20:59","slug":"01-05-2026-fest-joseph-der-arbeiter","status":"publish","type":"post","link":"https:\/\/m-i.info\/de\/01-05-2026-fest-joseph-der-arbeiter\/","title":{"rendered":"01.05.2026 \u2013 Fest Joseph der Arbeiter"},"content":{"rendered":"<div class=\"mdp-speaker-wrapper\">\n            Artikel vorlesen:\n            \n            \n            \n            <div class=\"mdp-speaker-box mdp-speaker-box before-content speaker-wp-default\">\n                <div class=\"mdp-speaker-player\"  data-type=\"speaker-wp-default\" data-id=\"126320\" data-src=\"https:\/\/m-i.info\/wp-content\/uploads\/2026\/04\/ElevenLabs_1_Mai_2026_\u2013_Fest_Joseph_der_Arbeiter-1.mp3\" data-download=\"1\" data-speeds=\"0.5,0.75,1,1.25,1.5\" data-share=\"\" >\n                    <audio aria-label=\"Audio von 01.05.2026 \u2013 Fest Joseph der Arbeiter\"class=\"wp-audio-shortcode\" id=\"audio-126320-1\" preload=\"metadata\" style=\"width: 100%;\" controls=\"controls\"><source type=\"audio\/mpeg\" src=\"https:\/\/m-i.info\/wp-content\/uploads\/2026\/04\/ElevenLabs_1_Mai_2026_\u2013_Fest_Joseph_der_Arbeiter-1.mp3?_=1\" \/><a href=\"https:\/\/m-i.info\/wp-content\/uploads\/2026\/04\/ElevenLabs_1_Mai_2026_\u2013_Fest_Joseph_der_Arbeiter-1.mp3\">https:\/\/m-i.info\/wp-content\/uploads\/2026\/04\/ElevenLabs_1_Mai_2026_\u2013_Fest_Joseph_der_Arbeiter-1.mp3<\/a><\/audio>\n                <\/div>\n            <\/div>\n            \n            \n            \n            \n\t\t\t<\/div><p><a href=\"https:\/\/m-i.info\/wp-content\/uploads\/2026\/04\/Bild1.jpg\"><img fetchpriority=\"high\" decoding=\"async\" class=\"size-medium wp-image-126321 alignleft\" src=\"https:\/\/m-i.info\/wp-content\/uploads\/2026\/04\/Bild1-300x225.jpg\" alt=\"\" width=\"300\" height=\"225\" title=\"\" srcset=\"https:\/\/m-i.info\/wp-content\/uploads\/2026\/04\/Bild1-300x225.jpg 300w, https:\/\/m-i.info\/wp-content\/uploads\/2026\/04\/Bild1-768x576.jpg 768w, https:\/\/m-i.info\/wp-content\/uploads\/2026\/04\/Bild1-425x319.jpg 425w, https:\/\/m-i.info\/wp-content\/uploads\/2026\/04\/Bild1-600x450.jpg 600w, https:\/\/m-i.info\/wp-content\/uploads\/2026\/04\/Bild1.jpg 782w\" sizes=\"(max-width: 300px) 100vw, 300px\" \/><\/a>Am 1. Mai feiert die Kirche den heiligen Joseph als Arbeiter \u2013 ein stilles, aber kraftvolles Gegenbild zu den lauten Parolen unserer Zeit. Was bedeutet dieses Fest heute, und wie kann man die Spannungen dieses Tages einordnen?<\/p>\n<h2>Christliche Ordnung statt ideologischer Verwirrung<\/h2>\n<p>Der 1. Mai ist im weltlichen Kalender seit langem als \u201eTag der Arbeit\u201c bekannt \u2013 gepr\u00e4gt von Demonstrationen, politischen Forderungen und nicht selten von ideologischen Spannungen. Doch die Kirche hat diesem Datum eine tiefere, \u00fcbernat\u00fcrliche Bedeutung gegeben: das Fest des heiligen Joseph, des Arbeiters.<\/p>\n<p>Papst Pius XII. f\u00fchrte dieses Fest im Jahr 1955 ein, und zwar nicht zuf\u00e4llig am 1. Mai. Die Absicht war klar: Die W\u00fcrde der menschlichen Arbeit sollte aus christlicher Perspektive neu beleuchtet werden. Der heilige Joseph, der N\u00e4hrvater unseres Herrn, ist das vollkommene Vorbild eines Arbeiters \u2013 still, gehorsam, flei\u00dfig und ganz auf Gott ausgerichtet. Seine Arbeit war kein Mittel zur Selbstverwirklichung im modernen Sinne, sondern ein Dienst an Gott und der Heiligen Familie.<\/p>\n<p>Gerade im Kontrast zu vielen heutigen Erscheinungen am 1. Mai wird diese Botschaft besonders deutlich. W\u00e4hrend auf den Stra\u00dfen oft Forderungen nach rein materiellen Verbesserungen erhoben werden und nicht selten Klassenkampf-Ideologien mitschwingen, erinnert uns die Kirche daran, dass Arbeit eine Teilhabe am Sch\u00f6pfungswerk Gottes ist. Sie hat eine geistliche Dimension, die \u00fcber wirtschaftliche oder politische Interessen hinausgeht.<\/p>\n<p>Es ist unbestreitbar, dass die moderne Arbeiterbewegung historisch stark von s\u00e4kularen und teilweise antikirchlichen Str\u00f6mungen beeinflusst wurde. Sozialistische und marxistische Ideologien haben den 1. Mai gepr\u00e4gt und ihn zu einem Symbol des Klassenkampfes gemacht.<\/p>\n<p>F\u00fcr Katholiken ist die geistliche Unterscheidung das Wesentliche: Wo wird Arbeit als Dienst an Gott verstanden, und wo wird sie zum Instrument ideologischer Programme? Der heilige Joseph zeigt uns den rechten Weg. Er arbeitete nicht f\u00fcr Applaus oder politische Anerkennung, sondern in Demut und Treue.<\/p>\n<p>So kann der 1. Mai ein Tag der bewussten Entscheidung sein: Folgen wir dem L\u00e4rm der Welt oder der stillen Stimme Gottes? Verehren wir den Arbeiter, der sich selbst zum Ma\u00dfstab macht, oder dem heiligen Arbeiter, der ganz in Gottes Ordnung lebt? Gerade in einer Zeit, in der Arbeit oft entweder verg\u00f6tzt oder entw\u00fcrdigt wird, ruft uns das Fest, Joseph der Arbeiter, zur\u00fcck zur Wahrheit: Arbeit ist Berufung, nicht Ideologie. Sie ist Mittel zur Heiligung, nicht zum Kampf gegeneinander.<\/p>\n<p>M\u00f6ge der heilige Josef, der treue Arbeiter von Nazareth, uns lehren, unsere t\u00e4gliche Arbeit in Hingabe und Liebe zu verrichten \u2013 zur Ehre Gottes und zum Heil unserer Seelen.<\/p>\n<p>&nbsp;<\/p>\n<p><em>Bild-Illustration: KI-generiert<\/em><\/p>\n<p>&nbsp;<\/p>\n","protected":false},"excerpt":{"rendered":"<p>Artikel vorlesen: https:\/\/m-i.info\/wp-content\/uploads\/2026\/04\/ElevenLabs_1_Mai_2026_\u2013_Fest_Joseph_der_Arbeiter-1.mp3 Am 1. Mai feiert die Kirche den heiligen Joseph als Arbeiter \u2013 ein stilles, aber kraftvolles Gegenbild zu den lauten Parolen unserer Zeit. Was bedeutet dieses Fest heute, und wie kann man die Spannungen dieses Tages einordnen? Christliche Ordnung statt ideologischer Verwirrung Der 1. Mai ist im<a class=\"more-link\" href=\"https:\/\/m-i.info\/de\/01-05-2026-fest-joseph-der-arbeiter\/\">Weiterlesen &rarr;<\/a><\/p>\n","protected":false},"author":217,"featured_media":126354,"comment_status":"closed","ping_status":"closed","sticky":false,"template":"","format":"standard","meta":{"footnotes":""},"categories":[1],"tags":[],"class_list":["entry","author-maurice","post-126320","post","type-post","status-publish","format-standard","has-post-thumbnail","category-unkategorisiert"],"_links":{"self":[{"href":"https:\/\/m-i.info\/de\/wp-json\/wp\/v2\/posts\/126320","targetHints":{"allow":["GET"]}}],"collection":[{"href":"https:\/\/m-i.info\/de\/wp-json\/wp\/v2\/posts"}],"about":[{"href":"https:\/\/m-i.info\/de\/wp-json\/wp\/v2\/types\/post"}],"author":[{"embeddable":true,"href":"https:\/\/m-i.info\/de\/wp-json\/wp\/v2\/users\/217"}],"replies":[{"embeddable":true,"href":"https:\/\/m-i.info\/de\/wp-json\/wp\/v2\/comments?post=126320"}],"version-history":[{"count":1,"href":"https:\/\/m-i.info\/de\/wp-json\/wp\/v2\/posts\/126320\/revisions"}],"predecessor-version":[{"id":126329,"href":"https:\/\/m-i.info\/de\/wp-json\/wp\/v2\/posts\/126320\/revisions\/126329"}],"wp:featuredmedia":[{"embeddable":true,"href":"https:\/\/m-i.info\/de\/wp-json\/wp\/v2\/media\/126354"}],"wp:attachment":[{"href":"https:\/\/m-i.info\/de\/wp-json\/wp\/v2\/media?parent=126320"}],"wp:term":[{"taxonomy":"category","embeddable":true,"href":"https:\/\/m-i.info\/de\/wp-json\/wp\/v2\/categories?post=126320"},{"taxonomy":"post_tag","embeddable":true,"href":"https:\/\/m-i.info\/de\/wp-json\/wp\/v2\/tags?post=126320"}],"curies":[{"name":"wp","href":"https:\/\/api.w.org\/{rel}","templated":true}]}}