{"id":122331,"date":"2025-11-13T16:48:07","date_gmt":"2025-11-13T15:48:07","guid":{"rendered":"https:\/\/m-i.info\/?p=122331"},"modified":"2025-11-14T20:43:42","modified_gmt":"2025-11-14T19:43:42","slug":"journee-nationale-de-la-mi-france-11-novembre-2025","status":"publish","type":"post","link":"https:\/\/m-i.info\/fr\/journee-nationale-de-la-mi-france-11-novembre-2025\/","title":{"rendered":"La Militia Immaculatae  Aide et auxiliaire  du sacerdoce &#8211; le 11 novembre 2025"},"content":{"rendered":"<p>Ave Maria! Chers chevaliers, un grand merci pour votre pr\u00e9sence, physique et spirituelle, hier \u00e0 la Journ\u00e9e nationale de la MI France et pour ses 25 ans de service entre les mains de l&#8217;Immacul\u00e9e ! Que son Triomphe se r\u00e9alise chaque jour en nos \u00e2mes !<br \/>\nVoici les conf\u00e9rences de cette belle journ\u00e9e mariale ayant pour th\u00e8me, la MI aide et auxiliaire du sacerdoce.<\/p>\n<p>Nous commen\u00e7ons par une <strong><em>ouverture pleine de z\u00e8le pour la saintet\u00e9 et pour l&#8217;Immacul\u00e9e<\/em><\/strong> avec Monsieur l&#8217;abb\u00e9 Peignot. Ensuite, Monsieur l&#8217;abb\u00e9 Castelain nous explique <em><strong>les splendeurs du sacerdoce avec l&#8217;Immacul\u00e9e.<\/strong><\/em> Puis nous avons eu la messe avec le<strong><em> sermon de Monsieur l&#8217;abb\u00e9 Peignot<\/em><\/strong> ! Malheureusement, nous n&#8217;avons qu&#8217;un petit bout de ce superbe sermon qui nous a bien tous sur-enflamm\u00e9s de z\u00e8le pour notre Reine !<\/p>\n<p>Nous avons ensuite fait une pause d\u00e9jeuner et repris \u00e0 14h30 avec une conf\u00e9rence du P\u00e8re Paul Marie ofm, capucin : <em><strong>retrospective des 17 premi\u00e8res ann\u00e9es de la M.I. en France<\/strong><\/em>. Apr\u00e8s 15 minutes de course \u00e0 l&#8217;Atelier de Marie, nous avons encha\u00een\u00e9 avec une conf\u00e9rence tr\u00e8s concr\u00e8te autant que spirituelle sur la <em><strong>M.I. instrument dans les mains de l&#8217;Immacul\u00e9e, aide et auxiliaire du sacerdoce<\/strong><\/em> et enfin, une <strong><em>retrospective mondiale des 25 ans de la M.I. dans le monde<\/em><\/strong> avec Monsieur l&#8217;abb\u00e9 Stehlin.<\/p>\n<p>Nous remercions tous les g\u00e9n\u00e9reux bienfaiteurs de la M.I. car malgr\u00e9 le petit nombre de pr\u00e9sents, les b\u00e9n\u00e9fices de cette journ\u00e9e mariale (plus de 1000\u20ac) pourront v\u00e9ritablement nous permettre d&#8217;avancer dans les projets de l&#8217;Immacul\u00e9e.<\/p>\n<p>In Corde Mari\u00e6<\/p>\n<hr \/>\n<p><strong>INTRODUCTION ET OUVERTURE<\/strong> DE LA JOURNEE PAR MONSIEUR L&#8217;ABBE GONZAGUE PEIGNOT, SUPERIEUR DU DISTRICT DE FRANCE ET MODERATEUR NATIONAL DE LA M.I. FRANCE<\/p>\n<p><strong>SUIVI DE LA CONFERENCE<\/strong> DE MONSIEUR L&#8217;ABBE GUY CASTELAIN MODERATEUR NATIONAL DELEGUE DE LA M.I. FRANCE<\/p>\n<p><iframe title=\"Journ\u00e9e nationale de la MI France 11 novembre 2025 - abb\u00e9 Peignot et abb\u00e9 Castelain \" width=\"1260\" height=\"945\" src=\"https:\/\/www.youtube.com\/embed\/yfk9VLC_YSA?feature=oembed\" frameborder=\"0\" allow=\"accelerometer; autoplay; clipboard-write; encrypted-media; gyroscope; picture-in-picture; web-share\" referrerpolicy=\"strict-origin-when-cross-origin\" allowfullscreen><\/iframe><\/p>\n<hr \/>\n<p>EXTRAIT DU SERMON DE MONSIEUR L&#8217;ABBE PEIGNOT<\/p>\n<p>Nous n&#8217;avons pu enregistrer qu&#8217;une partie du sermon pendant la Sainte Messe. Nous allons essayer d&#8217;obtenir le document \u00e9crit.<\/p>\n<audio class=\"wp-audio-shortcode\" id=\"audio-122331-1\" preload=\"none\" style=\"width: 100%;\" controls=\"controls\"><source type=\"audio\/mpeg\" src=\"https:\/\/m-i.info\/wp-content\/uploads\/2025\/11\/AUD-20251111-WA0000.mp3?_=1\" \/><a href=\"https:\/\/m-i.info\/wp-content\/uploads\/2025\/11\/AUD-20251111-WA0000.mp3\">https:\/\/m-i.info\/wp-content\/uploads\/2025\/11\/AUD-20251111-WA0000.mp3<\/a><\/audio>\n<hr \/>\n<p><strong>CONFERENCE DU PERE PAUL MARIE CAPUCIN<\/strong><\/p>\n<p><iframe title=\"Conf\u00e9rence P\u00e8re Paul Marie 11 Novembre 2025\" width=\"1260\" height=\"945\" src=\"https:\/\/www.youtube.com\/embed\/xuaJMPUzlEk?feature=oembed\" frameborder=\"0\" allow=\"accelerometer; autoplay; clipboard-write; encrypted-media; gyroscope; picture-in-picture; web-share\" referrerpolicy=\"strict-origin-when-cross-origin\" allowfullscreen><\/iframe><\/p>\n<hr \/>\n<p><strong>CONFERENCE DE MLLE LUCIE MARIE<\/strong><\/p>\n<p><iframe title=\"Conf\u00e9rence Mlle Lucie Marie, responsable de l&#039;Atelier de Marie (M.I.3), le 11 Novembre 2025\" width=\"1260\" height=\"945\" src=\"https:\/\/www.youtube.com\/embed\/6wYAKQ-VJRg?feature=oembed\" frameborder=\"0\" allow=\"accelerometer; autoplay; clipboard-write; encrypted-media; gyroscope; picture-in-picture; web-share\" referrerpolicy=\"strict-origin-when-cross-origin\" allowfullscreen><\/iframe><\/p>\n<hr \/>\n<p><strong>CONFERENCE DE MONSIEUR L&#8217;ABBE STEHLIN<\/strong><\/p>\n<p><iframe title=\"Conf\u00e9rence Abb\u00e9 Stehlin 11 Novembre 2025\" width=\"1260\" height=\"709\" src=\"https:\/\/www.youtube.com\/embed\/nKvh7AArsoE?feature=oembed\" frameborder=\"0\" allow=\"accelerometer; autoplay; clipboard-write; encrypted-media; gyroscope; picture-in-picture; web-share\" referrerpolicy=\"strict-origin-when-cross-origin\" allowfullscreen><\/iframe><\/p>\n","protected":false},"excerpt":{"rendered":"<p>Ave Maria! Chers chevaliers, un grand merci pour votre pr\u00e9sence, physique et spirituelle, hier \u00e0 la Journ\u00e9e nationale de la MI France et pour ses 25 ans de service entre les mains de l&#8217;Immacul\u00e9e ! Que son Triomphe se r\u00e9alise chaque jour en nos \u00e2mes ! Voici les conf\u00e9rences de<a class=\"more-link\" href=\"https:\/\/m-i.info\/fr\/journee-nationale-de-la-mi-france-11-novembre-2025\/\">Lire la suite &rarr;<\/a><\/p>\n","protected":false},"author":182,"featured_media":122351,"comment_status":"closed","ping_status":"closed","sticky":false,"template":"","format":"standard","meta":{"footnotes":""},"categories":[197],"tags":[],"class_list":["entry","author-lb","post-122331","post","type-post","status-publish","format-standard","has-post-thumbnail","category-non-classifiee"],"_links":{"self":[{"href":"https:\/\/m-i.info\/fr\/wp-json\/wp\/v2\/posts\/122331","targetHints":{"allow":["GET"]}}],"collection":[{"href":"https:\/\/m-i.info\/fr\/wp-json\/wp\/v2\/posts"}],"about":[{"href":"https:\/\/m-i.info\/fr\/wp-json\/wp\/v2\/types\/post"}],"author":[{"embeddable":true,"href":"https:\/\/m-i.info\/fr\/wp-json\/wp\/v2\/users\/182"}],"replies":[{"embeddable":true,"href":"https:\/\/m-i.info\/fr\/wp-json\/wp\/v2\/comments?post=122331"}],"version-history":[{"count":10,"href":"https:\/\/m-i.info\/fr\/wp-json\/wp\/v2\/posts\/122331\/revisions"}],"predecessor-version":[{"id":122514,"href":"https:\/\/m-i.info\/fr\/wp-json\/wp\/v2\/posts\/122331\/revisions\/122514"}],"wp:featuredmedia":[{"embeddable":true,"href":"https:\/\/m-i.info\/fr\/wp-json\/wp\/v2\/media\/122351"}],"wp:attachment":[{"href":"https:\/\/m-i.info\/fr\/wp-json\/wp\/v2\/media?parent=122331"}],"wp:term":[{"taxonomy":"category","embeddable":true,"href":"https:\/\/m-i.info\/fr\/wp-json\/wp\/v2\/categories?post=122331"},{"taxonomy":"post_tag","embeddable":true,"href":"https:\/\/m-i.info\/fr\/wp-json\/wp\/v2\/tags?post=122331"}],"curies":[{"name":"wp","href":"https:\/\/api.w.org\/{rel}","templated":true}]}}